{"id":53923,"date":"2026-08-31T18:35:55","date_gmt":"2026-08-31T18:35:55","guid":{"rendered":"https:\/\/lifestylemag.com\/?p=53923"},"modified":"2026-08-31T19:00:18","modified_gmt":"2026-08-31T19:00:18","slug":"clara-santandrea-guiada-pelo-momento","status":"publish","type":"post","link":"https:\/\/lifestylemag.com\/pt-br\/clara-santandrea-guided-by-the-moment\/","title":{"rendered":"Clara Santandrea, Guiada pelo Momento"},"content":{"rendered":"<p class=\"wp-block-paragraph\">A criadora paulista fala sobre misturar minimalismo com maximalismo e nunca escolher entre um e outro.<\/p>\n\n\n\n<div class=\"wp-block-tpgb-tp-image tpgb-image tpgb-block-5847_53923\"><figure class=\"tpgb-figure\"><img loading=\"lazy\" decoding=\"async\" width=\"750\" height=\"1076\" src=\"https:\/\/lifestylemag.com\/wp-content\/uploads\/2026\/08\/image-2.png\" alt=\"\" class=\"tpgb-img-inner wp-image-53933\" srcset=\"https:\/\/lifestylemag.com\/wp-content\/uploads\/2026\/08\/image-2.png 750w, https:\/\/lifestylemag.com\/wp-content\/uploads\/2026\/08\/image-2-209x300.png 209w, https:\/\/lifestylemag.com\/wp-content\/uploads\/2026\/08\/image-2-714x1024.png 714w, https:\/\/lifestylemag.com\/wp-content\/uploads\/2026\/08\/image-2-8x12.png 8w\" sizes=\"auto, (max-width: 750px) 100vw, 750px\" \/><\/figure><\/div>\n\n\n\n<p class=\"wp-block-paragraph\">Cr\u00e9ditos da imagem: Carla Santandrea no Instagram (<a href=\"https:\/\/www.instagram.com\/clarasantandrea?utm_source=ig_web_button_share_sheet&amp;igsi=ZDNlZDc0MzIxNw==\">@clarasantandrea<\/a>)<\/p>\n\n\n\n<p class=\"wp-block-paragraph\">Clara Santandrea mant\u00e9m <a href=\"https:\/\/www.instagram.com\/ysl\/\">S\u00e3o Louren\u00e7o<\/a> and <a href=\"https:\/\/www.instagram.com\/zara\/\">Zara<\/a> no mesmo arm\u00e1rio, junto com <a href=\"https:\/\/www.instagram.com\/lojasrenner\/\">Renner<\/a>, <a href=\"https:\/\/www.instagram.com\/miumiu\/\">Miu Miu<\/a>, <a href=\"https:\/\/www.instagram.com\/maisonalaia\/\">Ala\u00efa<\/a> e uma s\u00e9rie de marcas brasileiras que surgiram nos \u00faltimos anos. Ela n\u00e3o as classifica. Seu estilo, diz ela, \u00e9 guiado pelo momento. <\/p>\n\n\n\n<blockquote class=\"wp-block-quote is-layout-flow wp-block-quote-is-layout-flow\">\n<p class=\"wp-block-paragraph\">\u201cA moda \u00e9 exatamente essa liberdade de traduzir minha identidade atrav\u00e9s do que estou vestindo, ou a vers\u00e3o de mim mesma que quero transmitir naquele dia.\u201d<\/p>\n<\/blockquote>\n\n\n\n<div class=\"wp-block-tpgb-tp-image tpgb-image tpgb-block-1410_53923\"><figure class=\"tpgb-figure\"><img loading=\"lazy\" decoding=\"async\" width=\"1004\" height=\"1482\" src=\"https:\/\/lifestylemag.com\/wp-content\/uploads\/2026\/08\/Screenshot-2026-08-31-at-2.07.23-PM.png\" alt=\"\" class=\"tpgb-img-inner wp-image-53932\" srcset=\"https:\/\/lifestylemag.com\/wp-content\/uploads\/2026\/08\/Screenshot-2026-08-31-at-2.07.23-PM.png 1004w, https:\/\/lifestylemag.com\/wp-content\/uploads\/2026\/08\/Screenshot-2026-08-31-at-2.07.23-PM-203x300.png 203w, https:\/\/lifestylemag.com\/wp-content\/uploads\/2026\/08\/Screenshot-2026-08-31-at-2.07.23-PM-694x1024.png 694w, https:\/\/lifestylemag.com\/wp-content\/uploads\/2026\/08\/Screenshot-2026-08-31-at-2.07.23-PM-768x1134.png 768w, https:\/\/lifestylemag.com\/wp-content\/uploads\/2026\/08\/Screenshot-2026-08-31-at-2.07.23-PM-8x12.png 8w\" sizes=\"auto, (max-width: 1004px) 100vw, 1004px\" \/><\/figure><\/div>\n\n\n\n<p class=\"wp-block-paragraph\">Vestindo <a href=\"https:\/\/www.instagram.com\/ciamaritimabeachwear\/\">@ciamaritimabeachwear<\/a> (via Instagram)<\/p>\n\n\n\n<p class=\"wp-block-paragraph\">Ela trabalha nisso em tempo integral apenas desde fevereiro de 2025; antes disso, trabalhou em engenharia de produ\u00e7\u00e3o e, em seguida, passou seis anos na \u00e1rea financeira.<\/p>\n\n\n\n<p class=\"wp-block-paragraph\">A parte de que ela mais gosta \u00e9 a montagem: combina\u00e7\u00f5es, sobreposi\u00e7\u00f5es, acess\u00f3rios, propor\u00e7\u00f5es. <\/p>\n\n\n\n<blockquote class=\"wp-block-quote is-layout-flow wp-block-quote-is-layout-flow\">\n<p class=\"wp-block-paragraph\">\u201cMuitas vezes n\u00e3o \u00e9 a pe\u00e7a em si que me interessa, mas sim a forma como ela \u00e9 usada.\u201d<\/p>\n<\/blockquote>\n\n\n\n<div class=\"wp-block-tpgb-tp-image tpgb-image tpgb-block-7798_53923\"><figure class=\"tpgb-figure\"><img loading=\"lazy\" decoding=\"async\" width=\"1098\" height=\"1478\" src=\"https:\/\/lifestylemag.com\/wp-content\/uploads\/2026\/08\/Screenshot-2026-08-31-at-2.05.14-PM.png\" alt=\"\" class=\"tpgb-img-inner wp-image-53929\" srcset=\"https:\/\/lifestylemag.com\/wp-content\/uploads\/2026\/08\/Screenshot-2026-08-31-at-2.05.14-PM.png 1098w, https:\/\/lifestylemag.com\/wp-content\/uploads\/2026\/08\/Screenshot-2026-08-31-at-2.05.14-PM-223x300.png 223w, https:\/\/lifestylemag.com\/wp-content\/uploads\/2026\/08\/Screenshot-2026-08-31-at-2.05.14-PM-761x1024.png 761w, https:\/\/lifestylemag.com\/wp-content\/uploads\/2026\/08\/Screenshot-2026-08-31-at-2.05.14-PM-768x1034.png 768w, https:\/\/lifestylemag.com\/wp-content\/uploads\/2026\/08\/Screenshot-2026-08-31-at-2.05.14-PM-9x12.png 9w\" sizes=\"auto, (max-width: 1098px) 100vw, 1098px\" \/><\/figure><\/div>\n\n\n\n<p class=\"wp-block-paragraph\">Vestindo <a href=\"https:\/\/www.instagram.com\/tigoficial\/\">@tigoficial<\/a> (via Instagram)<\/p>\n\n\n\n<p class=\"wp-block-paragraph\">Os nomes brasileiros aparecem primeiro: <a href=\"https:\/\/www.instagram.com\/crisbarrosofficial\/\">Cris Barros<\/a>, <a href=\"https:\/\/www.instagram.com\/nvnativozza\/\">NV<\/a>, <a href=\"https:\/\/www.instagram.com\/mixed_brazil\/\">Misturado<\/a>, <a href=\"https:\/\/www.instagram.com\/newmatch_brazil\/\">Nova partida<\/a>, <a href=\"https:\/\/www.instagram.com\/gallerist\/\">Galerista<\/a>, Quase Vintage, <a href=\"https:\/\/www.instagram.com\/____leshay____\/\">Le Shay<\/a>, <a href=\"https:\/\/www.instagram.com\/tigoficial\/\">TIG<\/a>. <\/p>\n\n\n\n<blockquote class=\"wp-block-quote is-layout-flow wp-block-quote-is-layout-flow\">\n<p class=\"wp-block-paragraph\">\u201cAdoro essa nova gera\u00e7\u00e3o de marcas brasileiras que consegue trazer personalidade, design e informa\u00e7\u00f5es reais de moda de uma forma totalmente original.\u201d, <\/p>\n<\/blockquote>\n\n\n\n<p class=\"wp-block-paragraph\">Saint Laurent, antes de qualquer outra casa internacional, por sua est\u00e9tica forte, sensual e atemporal. <a href=\"https:\/\/www.instagram.com\/miumiu\/\">Miu Miu<\/a>, <a href=\"https:\/\/www.instagram.com\/maisonalaia\/\">Ala\u00efa<\/a>, <a href=\"https:\/\/www.instagram.com\/courreges\/\">Courr\u00e8ges<\/a>, <a href=\"https:\/\/www.instagram.com\/theattico\/\">O \u00c1tico<\/a>\u2026 Ent\u00e3o <a href=\"https:\/\/www.instagram.com\/zara\/\">Zara<\/a> and <a href=\"https:\/\/www.instagram.com\/lojasrenner\/\">Renner<\/a>, que ela gosta de colocar ao lado de algo mais raro.<\/p>\n\n\n\n<div class=\"wp-block-tpgb-tp-image tpgb-image tpgb-block-41b3_53923\"><figure class=\"tpgb-figure\"><img loading=\"lazy\" decoding=\"async\" width=\"1004\" height=\"1120\" src=\"https:\/\/lifestylemag.com\/wp-content\/uploads\/2026\/08\/Screenshot-2026-08-31-at-2.06.08-PM.png\" alt=\"\" class=\"tpgb-img-inner wp-image-53930\" srcset=\"https:\/\/lifestylemag.com\/wp-content\/uploads\/2026\/08\/Screenshot-2026-08-31-at-2.06.08-PM.png 1004w, https:\/\/lifestylemag.com\/wp-content\/uploads\/2026\/08\/Screenshot-2026-08-31-at-2.06.08-PM-269x300.png 269w, https:\/\/lifestylemag.com\/wp-content\/uploads\/2026\/08\/Screenshot-2026-08-31-at-2.06.08-PM-918x1024.png 918w, https:\/\/lifestylemag.com\/wp-content\/uploads\/2026\/08\/Screenshot-2026-08-31-at-2.06.08-PM-768x857.png 768w, https:\/\/lifestylemag.com\/wp-content\/uploads\/2026\/08\/Screenshot-2026-08-31-at-2.06.08-PM-11x12.png 11w\" sizes=\"auto, (max-width: 1004px) 100vw, 1004px\" \/><\/figure><\/div>\n\n\n\n<p class=\"wp-block-paragraph\">Vestindo <a href=\"https:\/\/www.instagram.com\/hering_oficial\/\">@hering_oficial <\/a>(via Instagram)<\/p>\n\n\n\n<blockquote class=\"wp-block-quote is-layout-flow wp-block-quote-is-layout-flow\">\n<p class=\"wp-block-paragraph\">\u201cNo fim das contas, meu guarda-roupa \u00e9 sobre misturar pe\u00e7as caras e baratas. N\u00e3o importa muito de onde a pe\u00e7a vem, mas sim como ela se relaciona com o resto do look e como eu consigo imprimir minha identidade a ele.\u201d<\/p>\n<\/blockquote>\n\n\n\n<p class=\"wp-block-paragraph\">Dua Lipa \u00e9 uma refer\u00eancia internacional, menos pelas roupas em si do que por tudo que a envolve. <\/p>\n\n\n\n<div class=\"wp-block-tpgb-tp-image tpgb-image tpgb-block-1129_53923\"><figure class=\"tpgb-figure\"><img loading=\"lazy\" decoding=\"async\" width=\"1010\" height=\"1442\" src=\"https:\/\/lifestylemag.com\/wp-content\/uploads\/2026\/08\/Screenshot-2026-08-31-at-2.04.30-PM.png\" alt=\"\" class=\"tpgb-img-inner wp-image-53928\" srcset=\"https:\/\/lifestylemag.com\/wp-content\/uploads\/2026\/08\/Screenshot-2026-08-31-at-2.04.30-PM.png 1010w, https:\/\/lifestylemag.com\/wp-content\/uploads\/2026\/08\/Screenshot-2026-08-31-at-2.04.30-PM-210x300.png 210w, https:\/\/lifestylemag.com\/wp-content\/uploads\/2026\/08\/Screenshot-2026-08-31-at-2.04.30-PM-717x1024.png 717w, https:\/\/lifestylemag.com\/wp-content\/uploads\/2026\/08\/Screenshot-2026-08-31-at-2.04.30-PM-768x1096.png 768w, https:\/\/lifestylemag.com\/wp-content\/uploads\/2026\/08\/Screenshot-2026-08-31-at-2.04.30-PM-8x12.png 8w\" sizes=\"auto, (max-width: 1010px) 100vw, 1010px\" \/><\/figure><\/div>\n\n\n\n<p class=\"wp-block-paragraph\">Vestindo <a href=\"https:\/\/www.instagram.com\/argi_clothing\/\">@argi_clothing<\/a> (via Instagram)<\/p>\n\n\n\n<blockquote class=\"wp-block-quote is-layout-flow wp-block-quote-is-layout-flow\">\n<p class=\"wp-block-paragraph\">\u201cN\u00e3o apenas pelo estilo, mas por todo o universo que ela transmite: as viagens, os lugares, a maneira como ela mistura moda e estilo de vida e, acima de tudo, a liberdade com que experimenta diferentes est\u00e9ticas.\u201d<\/p>\n<\/blockquote>\n\n\n\n<div class=\"wp-block-tpgb-tp-image tpgb-image tpgb-block-619a_53923\"><figure class=\"tpgb-figure\"><img loading=\"lazy\" decoding=\"async\" width=\"1000\" height=\"1482\" src=\"https:\/\/lifestylemag.com\/wp-content\/uploads\/2026\/08\/Screenshot-2026-08-31-at-1.56.33-PM.png\" alt=\"\" class=\"tpgb-img-inner wp-image-53924\" srcset=\"https:\/\/lifestylemag.com\/wp-content\/uploads\/2026\/08\/Screenshot-2026-08-31-at-1.56.33-PM.png 1000w, https:\/\/lifestylemag.com\/wp-content\/uploads\/2026\/08\/Screenshot-2026-08-31-at-1.56.33-PM-202x300.png 202w, https:\/\/lifestylemag.com\/wp-content\/uploads\/2026\/08\/Screenshot-2026-08-31-at-1.56.33-PM-691x1024.png 691w, https:\/\/lifestylemag.com\/wp-content\/uploads\/2026\/08\/Screenshot-2026-08-31-at-1.56.33-PM-768x1138.png 768w, https:\/\/lifestylemag.com\/wp-content\/uploads\/2026\/08\/Screenshot-2026-08-31-at-1.56.33-PM-8x12.png 8w\" sizes=\"auto, (max-width: 1000px) 100vw, 1000px\" \/><\/figure><\/div>\n\n\n\n<p class=\"wp-block-paragraph\">Vestindo <a href=\"https:\/\/www.instagram.com\/____leshay____\/\">@____leshay____<\/a> (via Instagram)<\/p>\n\n\n\n<p class=\"wp-block-paragraph\">Viajar \u00e9 a sua maior paix\u00e3o. S\u00e3o Paulo, as viagens, as culturas e os lugares por onde passa, tudo isso entra no seu repert\u00f3rio e se reflete no seu estilo. Ela carrega pouca coisa: \u00f3culos de sol, uma boa bolsa, joias que pode usar todos os dias, perfume e um batom que ela aperfei\u00e7oou, um bom l\u00e1pis de contorno labial com brilho cereja por cima e um l\u00e1pis para sardas.<\/p>\n\n\n\n<div class=\"wp-block-tpgb-tp-image tpgb-image tpgb-block-e046_53923\"><figure class=\"tpgb-figure\"><img loading=\"lazy\" decoding=\"async\" width=\"1042\" height=\"1492\" src=\"https:\/\/lifestylemag.com\/wp-content\/uploads\/2026\/08\/Screenshot-2026-08-31-at-2.00.55-PM.png\" alt=\"\" class=\"tpgb-img-inner wp-image-53927\" srcset=\"https:\/\/lifestylemag.com\/wp-content\/uploads\/2026\/08\/Screenshot-2026-08-31-at-2.00.55-PM.png 1042w, https:\/\/lifestylemag.com\/wp-content\/uploads\/2026\/08\/Screenshot-2026-08-31-at-2.00.55-PM-210x300.png 210w, https:\/\/lifestylemag.com\/wp-content\/uploads\/2026\/08\/Screenshot-2026-08-31-at-2.00.55-PM-715x1024.png 715w, https:\/\/lifestylemag.com\/wp-content\/uploads\/2026\/08\/Screenshot-2026-08-31-at-2.00.55-PM-768x1100.png 768w, https:\/\/lifestylemag.com\/wp-content\/uploads\/2026\/08\/Screenshot-2026-08-31-at-2.00.55-PM-8x12.png 8w\" sizes=\"auto, (max-width: 1042px) 100vw, 1042px\" \/><\/figure><\/div>\n\n\n\n<p class=\"wp-block-paragraph\">Vestindo <a href=\"https:\/\/www.instagram.com\/colccioficial\/\">@colccioficial<\/a> (via Instagram)<\/p>\n\n\n\n<blockquote class=\"wp-block-quote is-layout-flow wp-block-quote-is-layout-flow\">\n<p class=\"wp-block-paragraph\">\u201cGosto de pensar na moda como uma extens\u00e3o da minha vida\u201d, diz ela, \u201csem muitas regras, mas sempre com identidade\u201d.\u201d<\/p>\n<\/blockquote>\n\n\n\n<div class=\"wp-block-tpgb-tp-image tpgb-image tpgb-block-9dd1_53923\"><figure class=\"tpgb-figure\"><img loading=\"lazy\" decoding=\"async\" width=\"1404\" height=\"1500\" src=\"https:\/\/lifestylemag.com\/wp-content\/uploads\/2026\/08\/Screenshot-2026-08-31-at-1.59.50-PM.png\" alt=\"\" class=\"tpgb-img-inner wp-image-53926\" srcset=\"https:\/\/lifestylemag.com\/wp-content\/uploads\/2026\/08\/Screenshot-2026-08-31-at-1.59.50-PM.png 1404w, https:\/\/lifestylemag.com\/wp-content\/uploads\/2026\/08\/Screenshot-2026-08-31-at-1.59.50-PM-281x300.png 281w, https:\/\/lifestylemag.com\/wp-content\/uploads\/2026\/08\/Screenshot-2026-08-31-at-1.59.50-PM-958x1024.png 958w, https:\/\/lifestylemag.com\/wp-content\/uploads\/2026\/08\/Screenshot-2026-08-31-at-1.59.50-PM-768x821.png 768w, https:\/\/lifestylemag.com\/wp-content\/uploads\/2026\/08\/Screenshot-2026-08-31-at-1.59.50-PM-11x12.png 11w\" sizes=\"auto, (max-width: 1404px) 100vw, 1404px\" \/><\/figure><\/div>\n\n\n\n<p class=\"wp-block-paragraph\">Vestindo <a href=\"https:\/\/www.instagram.com\/triya_brasil\/\">@triya_brasil<\/a> (via Instagram)<\/p>\n\n\n\n<h2 id=\"h-often-it-is-not-the-piece-itself-that-interests-me-it-is-the-way-it-is-worn\" class=\"wp-block-heading\"><em>\u201cMuitas vezes n\u00e3o \u00e9 a pe\u00e7a em si que me interessa, mas sim a forma como ela \u00e9 usada.\u201d<\/em><\/h2>\n\n\n\n<div class=\"wp-block-tpgb-tp-image tpgb-image tpgb-block-ad0b_53923\"><figure class=\"tpgb-figure\"><img loading=\"lazy\" decoding=\"async\" width=\"1034\" height=\"1478\" src=\"https:\/\/lifestylemag.com\/wp-content\/uploads\/2026\/08\/Screenshot-2026-08-31-at-2.06.47-PM.png\" alt=\"\" class=\"tpgb-img-inner wp-image-53931\" srcset=\"https:\/\/lifestylemag.com\/wp-content\/uploads\/2026\/08\/Screenshot-2026-08-31-at-2.06.47-PM.png 1034w, https:\/\/lifestylemag.com\/wp-content\/uploads\/2026\/08\/Screenshot-2026-08-31-at-2.06.47-PM-210x300.png 210w, https:\/\/lifestylemag.com\/wp-content\/uploads\/2026\/08\/Screenshot-2026-08-31-at-2.06.47-PM-716x1024.png 716w, https:\/\/lifestylemag.com\/wp-content\/uploads\/2026\/08\/Screenshot-2026-08-31-at-2.06.47-PM-768x1098.png 768w, https:\/\/lifestylemag.com\/wp-content\/uploads\/2026\/08\/Screenshot-2026-08-31-at-2.06.47-PM-8x12.png 8w\" sizes=\"auto, (max-width: 1034px) 100vw, 1034px\" \/><\/figure><\/div>\n\n\n\n<p class=\"wp-block-paragraph\">Vestindo <a href=\"https:\/\/www.instagram.com\/carolinaneves_\/\">@carolinaneves_<\/a> (via Instagram)<\/p>","protected":false},"excerpt":{"rendered":"<p>A criadora paulista fala sobre misturar minimalismo com maximalismo e nunca escolher entre um e outro.<\/p>","protected":false},"author":7,"featured_media":53930,"comment_status":"open","ping_status":"open","sticky":false,"template":"","format":"standard","meta":{"_acf_changed":false,"tpgb_global_settings":"","_lifestyle_hero":false,"_lifestyle_hide_title":false,"footnotes":""},"categories":[3,4],"tags":[90,182,202,310,311],"edicao":[],"class_list":["post-53923","post","type-post","status-publish","format-standard","has-post-thumbnail","hentry","category-people","category-style-design","tag-lifestyle","tag-fashion","tag-style","tag-clara-santandrea","tag-the-style-of"],"acf":[],"yoast_head":"<!-- This site is optimized with the Yoast SEO Premium plugin v27.5 (Yoast SEO v27.5) - https:\/\/yoast.com\/product\/yoast-seo-premium-wordpress\/ -->\n<title>Clara Santandrea, Guided by the Moment | Lifestyle Mag<\/title>\n<meta name=\"description\" content=\"&quot;Often it is not the piece itself that interests me; it is the way it is worn.&quot; Clara Santandrea on mixing minimalism with maximalism.\" \/>\n<meta name=\"robots\" content=\"index, follow, max-snippet:-1, max-image-preview:large, max-video-preview:-1\" \/>\n<link rel=\"canonical\" href=\"https:\/\/lifestylemag.com\/pt-br\/clara-santandrea-guiada-pelo-momento\/\" \/>\n<meta property=\"og:locale\" content=\"pt_BR\" \/>\n<meta property=\"og:type\" content=\"article\" \/>\n<meta property=\"og:title\" content=\"Clara Santandrea, Guided by the Moment\" \/>\n<meta property=\"og:description\" content=\"&quot;Often it is not the piece itself that interests me; it is the way it is worn.&quot; Clara Santandrea on mixing minimalism with maximalism.\" \/>\n<meta property=\"og:url\" content=\"https:\/\/lifestylemag.com\/pt-br\/clara-santandrea-guiada-pelo-momento\/\" \/>\n<meta property=\"og:site_name\" content=\"Lifestyle Mag\" \/>\n<meta property=\"article:published_time\" content=\"2026-08-31T18:35:55+00:00\" \/>\n<meta property=\"article:modified_time\" content=\"2026-08-31T19:00:18+00:00\" \/>\n<meta property=\"og:image\" content=\"https:\/\/lifestylemag.com\/wp-content\/uploads\/2026\/08\/Screenshot-2026-08-31-at-2.06.08-PM.png\" \/>\n\t<meta property=\"og:image:width\" content=\"1004\" \/>\n\t<meta property=\"og:image:height\" content=\"1120\" \/>\n\t<meta property=\"og:image:type\" content=\"image\/png\" \/>\n<meta name=\"author\" content=\"user1\" \/>\n<meta name=\"twitter:card\" content=\"summary_large_image\" \/>\n<meta name=\"twitter:label1\" content=\"Escrito por\" \/>\n\t<meta name=\"twitter:data1\" content=\"user1\" \/>\n\t<meta name=\"twitter:label2\" content=\"Est. tempo de leitura\" \/>\n\t<meta name=\"twitter:data2\" content=\"4 minutos\" \/>\n<script type=\"application\/ld+json\" class=\"yoast-schema-graph\">{\"@context\":\"https:\\\/\\\/schema.org\",\"@graph\":[{\"@type\":\"Article\",\"@id\":\"https:\\\/\\\/lifestylemag.com\\\/clara-santandrea-guided-by-the-moment\\\/#article\",\"isPartOf\":{\"@id\":\"https:\\\/\\\/lifestylemag.com\\\/clara-santandrea-guided-by-the-moment\\\/\"},\"author\":{\"name\":\"user1\",\"@id\":\"https:\\\/\\\/lifestylemag.com\\\/#\\\/schema\\\/person\\\/9dc5edde6f561d741d92a5ee80c28708\"},\"headline\":\"Clara Santandrea, Guided by the Moment\",\"datePublished\":\"2026-08-31T18:35:55+00:00\",\"dateModified\":\"2026-08-31T19:00:18+00:00\",\"mainEntityOfPage\":{\"@id\":\"https:\\\/\\\/lifestylemag.com\\\/clara-santandrea-guided-by-the-moment\\\/\"},\"wordCount\":463,\"commentCount\":0,\"publisher\":{\"@id\":\"https:\\\/\\\/lifestylemag.com\\\/#organization\"},\"image\":{\"@id\":\"https:\\\/\\\/lifestylemag.com\\\/clara-santandrea-guided-by-the-moment\\\/#primaryimage\"},\"thumbnailUrl\":\"https:\\\/\\\/lifestylemag.com\\\/wp-content\\\/uploads\\\/2026\\\/08\\\/Screenshot-2026-08-31-at-2.06.08-PM.png\",\"keywords\":[\"lifestyle\",\"fashion\",\"Style\",\"Clara Santandrea\",\"The Style Of\"],\"articleSection\":[\"People\",\"Style &amp; Design\"],\"inLanguage\":\"pt-BR\",\"potentialAction\":[{\"@type\":\"CommentAction\",\"name\":\"Comment\",\"target\":[\"https:\\\/\\\/lifestylemag.com\\\/clara-santandrea-guided-by-the-moment\\\/#respond\"]}]},{\"@type\":\"WebPage\",\"@id\":\"https:\\\/\\\/lifestylemag.com\\\/clara-santandrea-guided-by-the-moment\\\/\",\"url\":\"https:\\\/\\\/lifestylemag.com\\\/clara-santandrea-guided-by-the-moment\\\/\",\"name\":\"Clara Santandrea, Guided by the Moment | Lifestyle Mag\",\"isPartOf\":{\"@id\":\"https:\\\/\\\/lifestylemag.com\\\/#website\"},\"primaryImageOfPage\":{\"@id\":\"https:\\\/\\\/lifestylemag.com\\\/clara-santandrea-guided-by-the-moment\\\/#primaryimage\"},\"image\":{\"@id\":\"https:\\\/\\\/lifestylemag.com\\\/clara-santandrea-guided-by-the-moment\\\/#primaryimage\"},\"thumbnailUrl\":\"https:\\\/\\\/lifestylemag.com\\\/wp-content\\\/uploads\\\/2026\\\/08\\\/Screenshot-2026-08-31-at-2.06.08-PM.png\",\"datePublished\":\"2026-08-31T18:35:55+00:00\",\"dateModified\":\"2026-08-31T19:00:18+00:00\",\"description\":\"\\\"Often it is not the piece itself that interests me; it is the way it is worn.\\\" Clara Santandrea on mixing minimalism with maximalism.\",\"breadcrumb\":{\"@id\":\"https:\\\/\\\/lifestylemag.com\\\/clara-santandrea-guided-by-the-moment\\\/#breadcrumb\"},\"inLanguage\":\"pt-BR\",\"potentialAction\":[{\"@type\":\"ReadAction\",\"target\":[\"https:\\\/\\\/lifestylemag.com\\\/clara-santandrea-guided-by-the-moment\\\/\"]}]},{\"@type\":\"ImageObject\",\"inLanguage\":\"pt-BR\",\"@id\":\"https:\\\/\\\/lifestylemag.com\\\/clara-santandrea-guided-by-the-moment\\\/#primaryimage\",\"url\":\"https:\\\/\\\/lifestylemag.com\\\/wp-content\\\/uploads\\\/2026\\\/08\\\/Screenshot-2026-08-31-at-2.06.08-PM.png\",\"contentUrl\":\"https:\\\/\\\/lifestylemag.com\\\/wp-content\\\/uploads\\\/2026\\\/08\\\/Screenshot-2026-08-31-at-2.06.08-PM.png\",\"width\":1004,\"height\":1120},{\"@type\":\"BreadcrumbList\",\"@id\":\"https:\\\/\\\/lifestylemag.com\\\/clara-santandrea-guided-by-the-moment\\\/#breadcrumb\",\"itemListElement\":[{\"@type\":\"ListItem\",\"position\":1,\"name\":\"Home\",\"item\":\"https:\\\/\\\/lifestylemag.com\\\/\"},{\"@type\":\"ListItem\",\"position\":2,\"name\":\"Clara Santandrea, Guided by the Moment\"}]},{\"@type\":\"WebSite\",\"@id\":\"https:\\\/\\\/lifestylemag.com\\\/#website\",\"url\":\"https:\\\/\\\/lifestylemag.com\\\/\",\"name\":\"Lifestyle Mag\",\"description\":\"Stories of Style, Travel, Arts &amp; the Art of Living Well\",\"publisher\":{\"@id\":\"https:\\\/\\\/lifestylemag.com\\\/#organization\"},\"alternateName\":\"Lifestyle Magazine\",\"potentialAction\":[{\"@type\":\"SearchAction\",\"target\":{\"@type\":\"EntryPoint\",\"urlTemplate\":\"https:\\\/\\\/lifestylemag.com\\\/?s={search_term_string}\"},\"query-input\":{\"@type\":\"PropertyValueSpecification\",\"valueRequired\":true,\"valueName\":\"search_term_string\"}}],\"inLanguage\":\"pt-BR\"},{\"@type\":\"Organization\",\"@id\":\"https:\\\/\\\/lifestylemag.com\\\/#organization\",\"name\":\"Lifestyle Mag\",\"url\":\"https:\\\/\\\/lifestylemag.com\\\/\",\"logo\":{\"@type\":\"ImageObject\",\"inLanguage\":\"pt-BR\",\"@id\":\"https:\\\/\\\/lifestylemag.com\\\/#\\\/schema\\\/logo\\\/image\\\/\",\"url\":\"https:\\\/\\\/lifestylemag.com\\\/wp-content\\\/uploads\\\/2026\\\/03\\\/logo-lifestyle.png\",\"contentUrl\":\"https:\\\/\\\/lifestylemag.com\\\/wp-content\\\/uploads\\\/2026\\\/03\\\/logo-lifestyle.png\",\"width\":561,\"height\":87,\"caption\":\"Lifestyle Mag\"},\"image\":{\"@id\":\"https:\\\/\\\/lifestylemag.com\\\/#\\\/schema\\\/logo\\\/image\\\/\"}},{\"@type\":\"Person\",\"@id\":\"https:\\\/\\\/lifestylemag.com\\\/#\\\/schema\\\/person\\\/9dc5edde6f561d741d92a5ee80c28708\",\"name\":\"user1\",\"image\":{\"@type\":\"ImageObject\",\"inLanguage\":\"pt-BR\",\"@id\":\"https:\\\/\\\/secure.gravatar.com\\\/avatar\\\/ff0472902b6b182c8d1dc8f0d03812942804e073cd21890e096d8ad3f6d110aa?s=96&d=mm&r=g\",\"url\":\"https:\\\/\\\/secure.gravatar.com\\\/avatar\\\/ff0472902b6b182c8d1dc8f0d03812942804e073cd21890e096d8ad3f6d110aa?s=96&d=mm&r=g\",\"contentUrl\":\"https:\\\/\\\/secure.gravatar.com\\\/avatar\\\/ff0472902b6b182c8d1dc8f0d03812942804e073cd21890e096d8ad3f6d110aa?s=96&d=mm&r=g\",\"caption\":\"user1\"},\"url\":\"https:\\\/\\\/lifestylemag.com\\\/pt-br\\\/author\\\/user1\\\/\"}]}<\/script>\n<!-- \/ Yoast SEO Premium plugin. -->","yoast_head_json":{"title":"Clara Santandrea, Guiada pelo Momento | Revista de Estilo de Vida","description":"\"&quot;Muitas vezes n\u00e3o \u00e9 a pe\u00e7a em si que me interessa, mas sim a forma como ela \u00e9 usada.&quot; Clara Santandrea sobre a mistura de minimalismo com maximalismo.","robots":{"index":"index","follow":"follow","max-snippet":"max-snippet:-1","max-image-preview":"max-image-preview:large","max-video-preview":"max-video-preview:-1"},"canonical":"https:\/\/lifestylemag.com\/pt-br\/clara-santandrea-guiada-pelo-momento\/","og_locale":"pt_BR","og_type":"article","og_title":"Clara Santandrea, Guided by the Moment","og_description":"\"Often it is not the piece itself that interests me; it is the way it is worn.\" Clara Santandrea on mixing minimalism with maximalism.","og_url":"https:\/\/lifestylemag.com\/pt-br\/clara-santandrea-guiada-pelo-momento\/","og_site_name":"Lifestyle Mag","article_published_time":"2026-08-31T18:35:55+00:00","article_modified_time":"2026-08-31T19:00:18+00:00","og_image":[{"width":1004,"height":1120,"url":"https:\/\/lifestylemag.com\/wp-content\/uploads\/2026\/08\/Screenshot-2026-08-31-at-2.06.08-PM.png","type":"image\/png"}],"author":"user1","twitter_card":"summary_large_image","twitter_misc":{"Escrito por":"user1","Est. tempo de leitura":"4 minutos"},"schema":{"@context":"https:\/\/schema.org","@graph":[{"@type":"Article","@id":"https:\/\/lifestylemag.com\/clara-santandrea-guided-by-the-moment\/#article","isPartOf":{"@id":"https:\/\/lifestylemag.com\/clara-santandrea-guided-by-the-moment\/"},"author":{"name":"user1","@id":"https:\/\/lifestylemag.com\/#\/schema\/person\/9dc5edde6f561d741d92a5ee80c28708"},"headline":"Clara Santandrea, Guided by the Moment","datePublished":"2026-08-31T18:35:55+00:00","dateModified":"2026-08-31T19:00:18+00:00","mainEntityOfPage":{"@id":"https:\/\/lifestylemag.com\/clara-santandrea-guided-by-the-moment\/"},"wordCount":463,"commentCount":0,"publisher":{"@id":"https:\/\/lifestylemag.com\/#organization"},"image":{"@id":"https:\/\/lifestylemag.com\/clara-santandrea-guided-by-the-moment\/#primaryimage"},"thumbnailUrl":"https:\/\/lifestylemag.com\/wp-content\/uploads\/2026\/08\/Screenshot-2026-08-31-at-2.06.08-PM.png","keywords":["lifestyle","fashion","Style","Clara Santandrea","The Style Of"],"articleSection":["People","Style &amp; Design"],"inLanguage":"pt-BR","potentialAction":[{"@type":"CommentAction","name":"Comment","target":["https:\/\/lifestylemag.com\/clara-santandrea-guided-by-the-moment\/#respond"]}]},{"@type":"WebPage","@id":"https:\/\/lifestylemag.com\/clara-santandrea-guided-by-the-moment\/","url":"https:\/\/lifestylemag.com\/clara-santandrea-guided-by-the-moment\/","name":"Clara Santandrea, Guiada pelo Momento | Revista de Estilo de Vida","isPartOf":{"@id":"https:\/\/lifestylemag.com\/#website"},"primaryImageOfPage":{"@id":"https:\/\/lifestylemag.com\/clara-santandrea-guided-by-the-moment\/#primaryimage"},"image":{"@id":"https:\/\/lifestylemag.com\/clara-santandrea-guided-by-the-moment\/#primaryimage"},"thumbnailUrl":"https:\/\/lifestylemag.com\/wp-content\/uploads\/2026\/08\/Screenshot-2026-08-31-at-2.06.08-PM.png","datePublished":"2026-08-31T18:35:55+00:00","dateModified":"2026-08-31T19:00:18+00:00","description":"\"&quot;Muitas vezes n\u00e3o \u00e9 a pe\u00e7a em si que me interessa, mas sim a forma como ela \u00e9 usada.&quot; Clara Santandrea sobre a mistura de minimalismo com maximalismo.","breadcrumb":{"@id":"https:\/\/lifestylemag.com\/clara-santandrea-guided-by-the-moment\/#breadcrumb"},"inLanguage":"pt-BR","potentialAction":[{"@type":"ReadAction","target":["https:\/\/lifestylemag.com\/clara-santandrea-guided-by-the-moment\/"]}]},{"@type":"ImageObject","inLanguage":"pt-BR","@id":"https:\/\/lifestylemag.com\/clara-santandrea-guided-by-the-moment\/#primaryimage","url":"https:\/\/lifestylemag.com\/wp-content\/uploads\/2026\/08\/Screenshot-2026-08-31-at-2.06.08-PM.png","contentUrl":"https:\/\/lifestylemag.com\/wp-content\/uploads\/2026\/08\/Screenshot-2026-08-31-at-2.06.08-PM.png","width":1004,"height":1120},{"@type":"BreadcrumbList","@id":"https:\/\/lifestylemag.com\/clara-santandrea-guided-by-the-moment\/#breadcrumb","itemListElement":[{"@type":"ListItem","position":1,"name":"Home","item":"https:\/\/lifestylemag.com\/"},{"@type":"ListItem","position":2,"name":"Clara Santandrea, Guided by the Moment"}]},{"@type":"WebSite","@id":"https:\/\/lifestylemag.com\/#website","url":"https:\/\/lifestylemag.com\/","name":"Lifestyle Mag","description":"Hist\u00f3rias de estilo, viagens, artes e a arte de viver bem.","publisher":{"@id":"https:\/\/lifestylemag.com\/#organization"},"alternateName":"Lifestyle Magazine","potentialAction":[{"@type":"SearchAction","target":{"@type":"EntryPoint","urlTemplate":"https:\/\/lifestylemag.com\/?s={search_term_string}"},"query-input":{"@type":"PropertyValueSpecification","valueRequired":true,"valueName":"search_term_string"}}],"inLanguage":"pt-BR"},{"@type":"Organization","@id":"https:\/\/lifestylemag.com\/#organization","name":"Lifestyle Mag","url":"https:\/\/lifestylemag.com\/","logo":{"@type":"ImageObject","inLanguage":"pt-BR","@id":"https:\/\/lifestylemag.com\/#\/schema\/logo\/image\/","url":"https:\/\/lifestylemag.com\/wp-content\/uploads\/2026\/03\/logo-lifestyle.png","contentUrl":"https:\/\/lifestylemag.com\/wp-content\/uploads\/2026\/03\/logo-lifestyle.png","width":561,"height":87,"caption":"Lifestyle Mag"},"image":{"@id":"https:\/\/lifestylemag.com\/#\/schema\/logo\/image\/"}},{"@type":"Person","@id":"https:\/\/lifestylemag.com\/#\/schema\/person\/9dc5edde6f561d741d92a5ee80c28708","name":"usu\u00e1rio1","image":{"@type":"ImageObject","inLanguage":"pt-BR","@id":"https:\/\/secure.gravatar.com\/avatar\/ff0472902b6b182c8d1dc8f0d03812942804e073cd21890e096d8ad3f6d110aa?s=96&d=mm&r=g","url":"https:\/\/secure.gravatar.com\/avatar\/ff0472902b6b182c8d1dc8f0d03812942804e073cd21890e096d8ad3f6d110aa?s=96&d=mm&r=g","contentUrl":"https:\/\/secure.gravatar.com\/avatar\/ff0472902b6b182c8d1dc8f0d03812942804e073cd21890e096d8ad3f6d110aa?s=96&d=mm&r=g","caption":"user1"},"url":"https:\/\/lifestylemag.com\/pt-br\/author\/user1\/"}]}},"tpgb_featured_images":{"full":["https:\/\/lifestylemag.com\/wp-content\/uploads\/2026\/08\/Screenshot-2026-08-31-at-2.06.08-PM.png",1004,1120,false],"tp-image-grid":["https:\/\/lifestylemag.com\/wp-content\/uploads\/2026\/08\/Screenshot-2026-08-31-at-2.06.08-PM-700x700.png",700,700,true],"thumbnail":["https:\/\/lifestylemag.com\/wp-content\/uploads\/2026\/08\/Screenshot-2026-08-31-at-2.06.08-PM-150x150.png",150,150,true],"medium":["https:\/\/lifestylemag.com\/wp-content\/uploads\/2026\/08\/Screenshot-2026-08-31-at-2.06.08-PM-269x300.png",269,300,true],"medium_large":["https:\/\/lifestylemag.com\/wp-content\/uploads\/2026\/08\/Screenshot-2026-08-31-at-2.06.08-PM-768x857.png",768,857,true],"large":["https:\/\/lifestylemag.com\/wp-content\/uploads\/2026\/08\/Screenshot-2026-08-31-at-2.06.08-PM-918x1024.png",800,892,true],"default":"https:\/\/lifestylemag.com\/wp-content\/plugins\/the-plus-addons-for-block-editor\/assets\/images\/tpgb-placeholder.jpg"},"tpgb_post_meta_info":{"get_date":"agosto 31, 2026","get_modified_date":"agosto 31, 2026","category_list":{"category":[{"term_id":3,"name":"People","slug":"people","term_group":0,"term_taxonomy_id":3,"taxonomy":"category","description":"","parent":0,"count":88,"filter":"raw","term_order":"0"},{"term_id":4,"name":"Style &amp; Design","slug":"style-design","term_group":0,"term_taxonomy_id":4,"taxonomy":"category","description":"","parent":0,"count":6,"filter":"raw","term_order":"0"}],"post_tag":[{"term_id":90,"name":"lifestyle","slug":"lifestyle","term_group":0,"term_taxonomy_id":90,"taxonomy":"post_tag","description":"","parent":0,"count":2,"filter":"raw","term_order":"0"},{"term_id":182,"name":"fashion","slug":"fashion","term_group":0,"term_taxonomy_id":182,"taxonomy":"post_tag","description":"","parent":0,"count":4,"filter":"raw","term_order":"0"},{"term_id":202,"name":"Style","slug":"style","term_group":0,"term_taxonomy_id":202,"taxonomy":"post_tag","description":"","parent":0,"count":3,"filter":"raw","term_order":"0"},{"term_id":310,"name":"Clara Santandrea","slug":"clara-santandrea","term_group":0,"term_taxonomy_id":310,"taxonomy":"post_tag","description":"","parent":0,"count":1,"filter":"raw","term_order":"0"},{"term_id":311,"name":"The Style Of","slug":"the-style-of","term_group":0,"term_taxonomy_id":311,"taxonomy":"post_tag","description":"","parent":0,"count":1,"filter":"raw","term_order":"0"}],"edicao":false},"author_name":"user1","author_url":"https:\/\/lifestylemag.com\/pt-br\/author\/user1\/","author_email":"user1@lifestylemag.com","author_website":"","author_description":"","author_facebook":"","author_twitter":"","author_instagram":"","author_role":["editor"],"author_firstname":"","author_lastname":"","user_login":"user1","author_avatar":"<img alt='' src='https:\/\/secure.gravatar.com\/avatar\/ff0472902b6b182c8d1dc8f0d03812942804e073cd21890e096d8ad3f6d110aa?s=200&#038;d=mm&#038;r=g' srcset='https:\/\/secure.gravatar.com\/avatar\/ff0472902b6b182c8d1dc8f0d03812942804e073cd21890e096d8ad3f6d110aa?s=400&#038;d=mm&#038;r=g 2x' class='avatar avatar-200 photo' height='200' width='200' decoding='async'\/>","author_avatar_url":"https:\/\/secure.gravatar.com\/avatar\/ff0472902b6b182c8d1dc8f0d03812942804e073cd21890e096d8ad3f6d110aa?s=96&d=mm&r=g","comment_count":0,"post_likes":0,"post_views":0},"tpgb_post_category":{"category":"<a href=\"https:\/\/lifestylemag.com\/pt-br\/category\/people\/\" alt=\"People\"  class=\"category-people\">People<\/a> <a href=\"https:\/\/lifestylemag.com\/pt-br\/category\/style-design\/\" alt=\"Style &amp; Design\"  class=\"category-style-design\">Style &amp; Design<\/a> ","post_tag":"<a href=\"https:\/\/lifestylemag.com\/pt-br\/tag\/lifestyle\/\" alt=\"lifestyle\"  class=\"post_tag-lifestyle\">lifestyle<\/a> <a href=\"https:\/\/lifestylemag.com\/pt-br\/tag\/fashion\/\" alt=\"fashion\"  class=\"post_tag-fashion\">fashion<\/a> <a href=\"https:\/\/lifestylemag.com\/pt-br\/tag\/style\/\" alt=\"Style\"  class=\"post_tag-style\">Style<\/a> <a href=\"https:\/\/lifestylemag.com\/pt-br\/tag\/clara-santandrea\/\" alt=\"Clara Santandrea\"  class=\"post_tag-clara-santandrea\">Clara Santandrea<\/a> <a href=\"https:\/\/lifestylemag.com\/pt-br\/tag\/the-style-of\/\" alt=\"The Style Of\"  class=\"post_tag-the-style-of\">The Style Of<\/a> "},"_links":{"self":[{"href":"https:\/\/lifestylemag.com\/pt-br\/wp-json\/wp\/v2\/posts\/53923","targetHints":{"allow":["GET"]}}],"collection":[{"href":"https:\/\/lifestylemag.com\/pt-br\/wp-json\/wp\/v2\/posts"}],"about":[{"href":"https:\/\/lifestylemag.com\/pt-br\/wp-json\/wp\/v2\/types\/post"}],"author":[{"embeddable":true,"href":"https:\/\/lifestylemag.com\/pt-br\/wp-json\/wp\/v2\/users\/7"}],"replies":[{"embeddable":true,"href":"https:\/\/lifestylemag.com\/pt-br\/wp-json\/wp\/v2\/comments?post=53923"}],"version-history":[{"count":4,"href":"https:\/\/lifestylemag.com\/pt-br\/wp-json\/wp\/v2\/posts\/53923\/revisions"}],"predecessor-version":[{"id":53938,"href":"https:\/\/lifestylemag.com\/pt-br\/wp-json\/wp\/v2\/posts\/53923\/revisions\/53938"}],"wp:featuredmedia":[{"embeddable":true,"href":"https:\/\/lifestylemag.com\/pt-br\/wp-json\/wp\/v2\/media\/53930"}],"wp:attachment":[{"href":"https:\/\/lifestylemag.com\/pt-br\/wp-json\/wp\/v2\/media?parent=53923"}],"wp:term":[{"taxonomy":"category","embeddable":true,"href":"https:\/\/lifestylemag.com\/pt-br\/wp-json\/wp\/v2\/categories?post=53923"},{"taxonomy":"post_tag","embeddable":true,"href":"https:\/\/lifestylemag.com\/pt-br\/wp-json\/wp\/v2\/tags?post=53923"},{"taxonomy":"edicao","embeddable":true,"href":"https:\/\/lifestylemag.com\/pt-br\/wp-json\/wp\/v2\/edicao?post=53923"}],"curies":[{"name":"wp","href":"https:\/\/api.w.org\/{rel}","templated":true}]}}